



{"id":272,"date":"2023-08-31T13:54:30","date_gmt":"2023-08-31T10:54:30","guid":{"rendered":"https:\/\/turunlennokkiseura.com\/tls\/?p=272"},"modified":"2023-09-13T21:04:55","modified_gmt":"2023-09-13T18:04:55","slug":"kauden-toinen-lennattamaan-avoimien-ovien-paiva-lauantaina-23-09-2023","status":"publish","type":"post","link":"https:\/\/turunlennokkiseura.com\/tls\/2023\/08\/31\/kauden-toinen-lennattamaan-avoimien-ovien-paiva-lauantaina-23-09-2023\/","title":{"rendered":"Kauden toinen &#8221;Lenn\u00e4tt\u00e4m\u00e4\u00e4n&#8221; avoimien ovien p\u00e4iv\u00e4 lauantaina 23.09.2023"},"content":{"rendered":"\n<p>S\u00e4\u00e4varaus. Seuraa ilmoittelua mahdollisesta varap\u00e4iv\u00e4st\u00e4<\/p>\n\n\n\n<figure class=\"wp-block-image size-large\"><img loading=\"lazy\" decoding=\"async\" width=\"695\" height=\"1024\" src=\"https:\/\/turunlennokkiseura.com\/tls\/wp-content\/uploads\/2023\/09\/Lennattamaanjuliste2_1-695x1024.jpg\" alt=\"\" class=\"wp-image-379\" srcset=\"https:\/\/turunlennokkiseura.com\/tls\/wp-content\/uploads\/2023\/09\/Lennattamaanjuliste2_1-695x1024.jpg 695w, https:\/\/turunlennokkiseura.com\/tls\/wp-content\/uploads\/2023\/09\/Lennattamaanjuliste2_1-204x300.jpg 204w, https:\/\/turunlennokkiseura.com\/tls\/wp-content\/uploads\/2023\/09\/Lennattamaanjuliste2_1-768x1132.jpg 768w, https:\/\/turunlennokkiseura.com\/tls\/wp-content\/uploads\/2023\/09\/Lennattamaanjuliste2_1-1042x1536.jpg 1042w, https:\/\/turunlennokkiseura.com\/tls\/wp-content\/uploads\/2023\/09\/Lennattamaanjuliste2_1.jpg 1054w\" sizes=\"auto, (max-width: 695px) 100vw, 695px\" \/><\/figure>\n","protected":false},"excerpt":{"rendered":"<p>S\u00e4\u00e4varaus. Seuraa ilmoittelua mahdollisesta varap\u00e4iv\u00e4st\u00e4<\/p>\n","protected":false},"author":3,"featured_media":0,"comment_status":"closed","ping_status":"closed","sticky":false,"template":"","format":"standard","meta":{"pgc_sgb_lightbox_settings":"","footnotes":""},"categories":[1],"tags":[],"class_list":["post-272","post","type-post","status-publish","format-standard","hentry","category-oletus"],"_links":{"self":[{"href":"https:\/\/turunlennokkiseura.com\/tls\/wp-json\/wp\/v2\/posts\/272","targetHints":{"allow":["GET"]}}],"collection":[{"href":"https:\/\/turunlennokkiseura.com\/tls\/wp-json\/wp\/v2\/posts"}],"about":[{"href":"https:\/\/turunlennokkiseura.com\/tls\/wp-json\/wp\/v2\/types\/post"}],"author":[{"embeddable":true,"href":"https:\/\/turunlennokkiseura.com\/tls\/wp-json\/wp\/v2\/users\/3"}],"replies":[{"embeddable":true,"href":"https:\/\/turunlennokkiseura.com\/tls\/wp-json\/wp\/v2\/comments?post=272"}],"version-history":[{"count":3,"href":"https:\/\/turunlennokkiseura.com\/tls\/wp-json\/wp\/v2\/posts\/272\/revisions"}],"predecessor-version":[{"id":380,"href":"https:\/\/turunlennokkiseura.com\/tls\/wp-json\/wp\/v2\/posts\/272\/revisions\/380"}],"wp:attachment":[{"href":"https:\/\/turunlennokkiseura.com\/tls\/wp-json\/wp\/v2\/media?parent=272"}],"wp:term":[{"taxonomy":"category","embeddable":true,"href":"https:\/\/turunlennokkiseura.com\/tls\/wp-json\/wp\/v2\/categories?post=272"},{"taxonomy":"post_tag","embeddable":true,"href":"https:\/\/turunlennokkiseura.com\/tls\/wp-json\/wp\/v2\/tags?post=272"}],"curies":[{"name":"wp","href":"https:\/\/api.w.org\/{rel}","templated":true}]}}