



{"id":1735,"date":"2026-02-27T20:52:11","date_gmt":"2026-02-27T17:52:11","guid":{"rendered":"https:\/\/turunlennokkiseura.com\/tls\/?p=1735"},"modified":"2026-02-27T20:52:12","modified_gmt":"2026-02-27T17:52:12","slug":"kutsu-turun-lennokkiseura-ryn-saantomaaraiseen-vuosikokoukseen-keskiviikkona-18-3-2026-klo-18","status":"publish","type":"post","link":"https:\/\/turunlennokkiseura.com\/tls\/2026\/02\/27\/kutsu-turun-lennokkiseura-ryn-saantomaaraiseen-vuosikokoukseen-keskiviikkona-18-3-2026-klo-18\/","title":{"rendered":"Kutsu Turun Lennokkiseura ry:n s\u00e4\u00e4nt\u00f6m\u00e4\u00e4r\u00e4iseen vuosikokoukseen keskiviikkona 18.3.2026 klo 18"},"content":{"rendered":"\n<p>Turun Lennokkiseura ry:n <strong>vuosikokous pidet\u00e4\u00e4n keskiviikkona 18.3.2026 klo 18:00 <\/strong>alkaen<\/p>\n\n\n\n<p><strong>K\u00e4rcher Center Kymppipalvelun<\/strong> tiloissa Raision ABC:n vieress\u00e4 osoitteessa Piilipuunkatu 4 21200 RAISIO.<\/p>\n\n\n\n<p>K\u00e4ymme l\u00e4pi s\u00e4\u00e4nt\u00f6m\u00e4\u00e4r\u00e4iset asiat, mm toimintasuunnitelman t\u00e4lle vuodelle sek\u00e4 viime vuoden toimintakertomuksen.&nbsp;<\/p>\n\n\n\n<p>Toimintasuunnitelmankin takia toivommekin jollet ole viel\u00e4 maksanut t\u00e4m\u00e4n vuoden<strong> <a href=\"https:\/\/turunlennokkiseura.com\/tls\/jaseneksi\/\" target=\"_blank\" rel=\"noreferrer noopener\">j\u00e4senmaksuasi,<\/a><\/strong> niin suorittaisit sen jo n\u00e4in alkuvuodesta.<\/p>\n\n\n\n<p>Keskustellaan mm kent\u00e4n tieliittym\u00e4n ja parkkipaikan mahdollisesta muutoksesta, sek\u00e4 tulevan kes\u00e4n tapahtumista.&nbsp;<\/p>\n\n\n\n<p>Kokouksen esityslista on j\u00e4senille l\u00e4hetetyn s\u00e4hk\u00f6postin liitteen\u00e4. <\/p>\n\n\n\n<p>Paljastamme my\u00f6s <strong>VUODEN LENN\u00c4TT\u00c4J\u00c4<\/strong>N 2025!<\/p>\n\n\n\n<p>Tervetuloa suurin joukoin!<\/p>\n\n\n\n<figure class=\"wp-block-image size-large\"><img loading=\"lazy\" decoding=\"async\" width=\"1024\" height=\"576\" src=\"https:\/\/turunlennokkiseura.com\/tls\/wp-content\/uploads\/2025\/03\/KarcherCenter-1024x576.jpg\" alt=\"\" class=\"wp-image-1284\" srcset=\"https:\/\/turunlennokkiseura.com\/tls\/wp-content\/uploads\/2025\/03\/KarcherCenter-1024x576.jpg 1024w, https:\/\/turunlennokkiseura.com\/tls\/wp-content\/uploads\/2025\/03\/KarcherCenter-300x169.jpg 300w, https:\/\/turunlennokkiseura.com\/tls\/wp-content\/uploads\/2025\/03\/KarcherCenter-768x432.jpg 768w, https:\/\/turunlennokkiseura.com\/tls\/wp-content\/uploads\/2025\/03\/KarcherCenter-1536x864.jpg 1536w, https:\/\/turunlennokkiseura.com\/tls\/wp-content\/uploads\/2025\/03\/KarcherCenter-2048x1152.jpg 2048w\" sizes=\"auto, (max-width: 1024px) 100vw, 1024px\" \/><\/figure>\n","protected":false},"excerpt":{"rendered":"<p>Turun Lennokkiseura ry:n vuosikokous pidet\u00e4\u00e4n keskiviikkona 18.3.2026 klo 18:00 alkaen K\u00e4rcher Center Kymppipalvelun tiloissa Raision ABC:n vieress\u00e4 osoitteessa Piilipuunkatu 4 21200 RAISIO. K\u00e4ymme l\u00e4pi s\u00e4\u00e4nt\u00f6m\u00e4\u00e4r\u00e4iset asiat, mm toimintasuunnitelman t\u00e4lle vuodelle sek\u00e4 viime vuoden toimintakertomuksen.&nbsp; Toimintasuunnitelmankin takia toivommekin jollet ole viel\u00e4 maksanut t\u00e4m\u00e4n vuoden j\u00e4senmaksuasi, niin suorittaisit sen jo n\u00e4in alkuvuodesta. Keskustellaan mm kent\u00e4n tieliittym\u00e4n ja [&hellip;]<\/p>\n","protected":false},"author":3,"featured_media":0,"comment_status":"closed","ping_status":"closed","sticky":false,"template":"","format":"standard","meta":{"pgc_sgb_lightbox_settings":"","footnotes":""},"categories":[1,18],"tags":[42],"class_list":["post-1735","post","type-post","status-publish","format-standard","hentry","category-oletus","category-tapahtuma","tag-kokouskutsu"],"_links":{"self":[{"href":"https:\/\/turunlennokkiseura.com\/tls\/wp-json\/wp\/v2\/posts\/1735","targetHints":{"allow":["GET"]}}],"collection":[{"href":"https:\/\/turunlennokkiseura.com\/tls\/wp-json\/wp\/v2\/posts"}],"about":[{"href":"https:\/\/turunlennokkiseura.com\/tls\/wp-json\/wp\/v2\/types\/post"}],"author":[{"embeddable":true,"href":"https:\/\/turunlennokkiseura.com\/tls\/wp-json\/wp\/v2\/users\/3"}],"replies":[{"embeddable":true,"href":"https:\/\/turunlennokkiseura.com\/tls\/wp-json\/wp\/v2\/comments?post=1735"}],"version-history":[{"count":2,"href":"https:\/\/turunlennokkiseura.com\/tls\/wp-json\/wp\/v2\/posts\/1735\/revisions"}],"predecessor-version":[{"id":1737,"href":"https:\/\/turunlennokkiseura.com\/tls\/wp-json\/wp\/v2\/posts\/1735\/revisions\/1737"}],"wp:attachment":[{"href":"https:\/\/turunlennokkiseura.com\/tls\/wp-json\/wp\/v2\/media?parent=1735"}],"wp:term":[{"taxonomy":"category","embeddable":true,"href":"https:\/\/turunlennokkiseura.com\/tls\/wp-json\/wp\/v2\/categories?post=1735"},{"taxonomy":"post_tag","embeddable":true,"href":"https:\/\/turunlennokkiseura.com\/tls\/wp-json\/wp\/v2\/tags?post=1735"}],"curies":[{"name":"wp","href":"https:\/\/api.w.org\/{rel}","templated":true}]}}