



{"id":1606,"date":"2025-11-03T22:16:17","date_gmt":"2025-11-03T19:16:17","guid":{"rendered":"https:\/\/turunlennokkiseura.com\/tls\/?p=1606"},"modified":"2026-01-22T23:16:04","modified_gmt":"2026-01-22T20:16:04","slug":"sisalennatyskausi-alkaa-perjantaina-7-11-2025","status":"publish","type":"post","link":"https:\/\/turunlennokkiseura.com\/tls\/2025\/11\/03\/sisalennatyskausi-alkaa-perjantaina-7-11-2025\/","title":{"rendered":"Sis\u00e4lenn\u00e4tyskausi alkaa perjantaina 7.11.2025"},"content":{"rendered":"\n<p>Lenn\u00e4tykset l\u00f6ytyv\u00e4t <a href=\"https:\/\/turunlennokkiseura.com\/tls\/kalenteri\/\">kalenterista<\/a> sit\u00e4 mukaa kun niit\u00e4 saadaan varattua ja osallistujia on riitt\u00e4v\u00e4sti. Nyt on kaksi kahden tunnin vuoroa varattu.<\/p>\n\n\n\n<figure class=\"wp-block-image\"><img loading=\"lazy\" decoding=\"async\" width=\"2400\" height=\"1350\" src=\"https:\/\/turunlennokkiseura.com\/tls\/wp-content\/uploads\/2024\/10\/20241020_180804.jpg\" alt=\"\" class=\"wp-image-1223\" srcset=\"https:\/\/turunlennokkiseura.com\/tls\/wp-content\/uploads\/2024\/10\/20241020_180804.jpg 2400w, https:\/\/turunlennokkiseura.com\/tls\/wp-content\/uploads\/2024\/10\/20241020_180804-300x169.jpg 300w, https:\/\/turunlennokkiseura.com\/tls\/wp-content\/uploads\/2024\/10\/20241020_180804-1024x576.jpg 1024w, https:\/\/turunlennokkiseura.com\/tls\/wp-content\/uploads\/2024\/10\/20241020_180804-768x432.jpg 768w, https:\/\/turunlennokkiseura.com\/tls\/wp-content\/uploads\/2024\/10\/20241020_180804-1536x864.jpg 1536w, https:\/\/turunlennokkiseura.com\/tls\/wp-content\/uploads\/2024\/10\/20241020_180804-2048x1152.jpg 2048w\" sizes=\"auto, (max-width: 2400px) 100vw, 2400px\" \/><\/figure>\n","protected":false},"excerpt":{"rendered":"<p>Lenn\u00e4tykset l\u00f6ytyv\u00e4t kalenterista sit\u00e4 mukaa kun niit\u00e4 saadaan varattua ja osallistujia on riitt\u00e4v\u00e4sti. Nyt on kaksi kahden tunnin vuoroa varattu.<\/p>\n","protected":false},"author":3,"featured_media":1223,"comment_status":"closed","ping_status":"closed","sticky":false,"template":"","format":"standard","meta":{"pgc_sgb_lightbox_settings":"","footnotes":""},"categories":[1],"tags":[22],"class_list":["post-1606","post","type-post","status-publish","format-standard","has-post-thumbnail","hentry","category-oletus","tag-sisalennatys"],"_links":{"self":[{"href":"https:\/\/turunlennokkiseura.com\/tls\/wp-json\/wp\/v2\/posts\/1606","targetHints":{"allow":["GET"]}}],"collection":[{"href":"https:\/\/turunlennokkiseura.com\/tls\/wp-json\/wp\/v2\/posts"}],"about":[{"href":"https:\/\/turunlennokkiseura.com\/tls\/wp-json\/wp\/v2\/types\/post"}],"author":[{"embeddable":true,"href":"https:\/\/turunlennokkiseura.com\/tls\/wp-json\/wp\/v2\/users\/3"}],"replies":[{"embeddable":true,"href":"https:\/\/turunlennokkiseura.com\/tls\/wp-json\/wp\/v2\/comments?post=1606"}],"version-history":[{"count":1,"href":"https:\/\/turunlennokkiseura.com\/tls\/wp-json\/wp\/v2\/posts\/1606\/revisions"}],"predecessor-version":[{"id":1607,"href":"https:\/\/turunlennokkiseura.com\/tls\/wp-json\/wp\/v2\/posts\/1606\/revisions\/1607"}],"wp:featuredmedia":[{"embeddable":true,"href":"https:\/\/turunlennokkiseura.com\/tls\/wp-json\/wp\/v2\/media\/1223"}],"wp:attachment":[{"href":"https:\/\/turunlennokkiseura.com\/tls\/wp-json\/wp\/v2\/media?parent=1606"}],"wp:term":[{"taxonomy":"category","embeddable":true,"href":"https:\/\/turunlennokkiseura.com\/tls\/wp-json\/wp\/v2\/categories?post=1606"},{"taxonomy":"post_tag","embeddable":true,"href":"https:\/\/turunlennokkiseura.com\/tls\/wp-json\/wp\/v2\/tags?post=1606"}],"curies":[{"name":"wp","href":"https:\/\/api.w.org\/{rel}","templated":true}]}}