



{"id":1427,"date":"2025-05-28T20:36:09","date_gmt":"2025-05-28T17:36:09","guid":{"rendered":"https:\/\/turunlennokkiseura.com\/tls\/?p=1427"},"modified":"2025-06-10T23:44:14","modified_gmt":"2025-06-10T20:44:14","slug":"lennattamaan-tapahtuma-1-2025-keskiviikkona-11-6-2025-klo-17-21","status":"publish","type":"post","link":"https:\/\/turunlennokkiseura.com\/tls\/2025\/05\/28\/lennattamaan-tapahtuma-1-2025-keskiviikkona-11-6-2025-klo-17-21\/","title":{"rendered":"Lenn\u00e4tt\u00e4m\u00e4\u00e4n tapahtuma 1\/2025 maanantaina 16.6.2025 klo 18-21"},"content":{"rendered":"\n<figure class=\"wp-block-image size-full\"><img loading=\"lazy\" decoding=\"async\" width=\"720\" height=\"960\" src=\"https:\/\/turunlennokkiseura.com\/tls\/wp-content\/uploads\/2025\/06\/IMG-20250610-WA0010.jpg\" alt=\"\" class=\"wp-image-1441\" srcset=\"https:\/\/turunlennokkiseura.com\/tls\/wp-content\/uploads\/2025\/06\/IMG-20250610-WA0010.jpg 720w, https:\/\/turunlennokkiseura.com\/tls\/wp-content\/uploads\/2025\/06\/IMG-20250610-WA0010-225x300.jpg 225w\" sizes=\"auto, (max-width: 720px) 100vw, 720px\" \/><\/figure>\n\n\n\n<p>Alkuper\u00e4inen 11.6 pidett\u00e4v\u00e4ksi tarkoitettu siirret\u00e4\u00e4n sateen uhkan takia pidett\u00e4v\u00e4ksi 16.6. Tervetuloa!<\/p>\n","protected":false},"excerpt":{"rendered":"<p>Alkuper\u00e4inen 11.6 pidett\u00e4v\u00e4ksi tarkoitettu siirret\u00e4\u00e4n sateen uhkan takia pidett\u00e4v\u00e4ksi 16.6. Tervetuloa!<\/p>\n","protected":false},"author":3,"featured_media":0,"comment_status":"closed","ping_status":"closed","sticky":false,"template":"","format":"standard","meta":{"pgc_sgb_lightbox_settings":"","footnotes":""},"categories":[1],"tags":[31],"class_list":["post-1427","post","type-post","status-publish","format-standard","hentry","category-oletus","tag-tutustuminen"],"_links":{"self":[{"href":"https:\/\/turunlennokkiseura.com\/tls\/wp-json\/wp\/v2\/posts\/1427","targetHints":{"allow":["GET"]}}],"collection":[{"href":"https:\/\/turunlennokkiseura.com\/tls\/wp-json\/wp\/v2\/posts"}],"about":[{"href":"https:\/\/turunlennokkiseura.com\/tls\/wp-json\/wp\/v2\/types\/post"}],"author":[{"embeddable":true,"href":"https:\/\/turunlennokkiseura.com\/tls\/wp-json\/wp\/v2\/users\/3"}],"replies":[{"embeddable":true,"href":"https:\/\/turunlennokkiseura.com\/tls\/wp-json\/wp\/v2\/comments?post=1427"}],"version-history":[{"count":7,"href":"https:\/\/turunlennokkiseura.com\/tls\/wp-json\/wp\/v2\/posts\/1427\/revisions"}],"predecessor-version":[{"id":1446,"href":"https:\/\/turunlennokkiseura.com\/tls\/wp-json\/wp\/v2\/posts\/1427\/revisions\/1446"}],"wp:attachment":[{"href":"https:\/\/turunlennokkiseura.com\/tls\/wp-json\/wp\/v2\/media?parent=1427"}],"wp:term":[{"taxonomy":"category","embeddable":true,"href":"https:\/\/turunlennokkiseura.com\/tls\/wp-json\/wp\/v2\/categories?post=1427"},{"taxonomy":"post_tag","embeddable":true,"href":"https:\/\/turunlennokkiseura.com\/tls\/wp-json\/wp\/v2\/tags?post=1427"}],"curies":[{"name":"wp","href":"https:\/\/api.w.org\/{rel}","templated":true}]}}