



{"id":1283,"date":"2025-03-05T14:05:02","date_gmt":"2025-03-05T11:05:02","guid":{"rendered":"https:\/\/turunlennokkiseura.com\/tls\/?p=1283"},"modified":"2025-03-05T14:05:03","modified_gmt":"2025-03-05T11:05:03","slug":"kutsu-turun-lennokkiseura-ryn-saantomaaraiseen-vuosikokoukseen-keskiviikkona-19-3-2025-klo-18","status":"publish","type":"post","link":"https:\/\/turunlennokkiseura.com\/tls\/2025\/03\/05\/kutsu-turun-lennokkiseura-ryn-saantomaaraiseen-vuosikokoukseen-keskiviikkona-19-3-2025-klo-18\/","title":{"rendered":"Kutsu Turun Lennokkiseura ry:n s\u00e4\u00e4nt\u00f6m\u00e4\u00e4r\u00e4iseen vuosikokoukseen keskiviikkona 19.3.2025 klo 18"},"content":{"rendered":"\n<p>Turun Lennokkiseura ry:n <strong>vuosikokous pidet\u00e4\u00e4n keskiviikkona 19.3.2025 klo 18:00 <\/strong>alkaen<\/p>\n\n\n\n<p>K\u00e4rcher Center Kymppipalvelun tiloissa Raision ABC:n vieress\u00e4 osoitteessa <a href=\"https:\/\/www.google.com\/maps\/place\/Piilipuunkatu+4,+21200+Raisio\/@60.504473,22.160731,15z\/data=!4m6!3m5!1s0x468b898c0b155201:0xe4878392384afbb8!8m2!3d60.5042077!4d22.1599861!16s%2Fg%2F11swndxg6v?hl=fi-FI&amp;entry=ttu&amp;g_ep=EgoyMDI1MDMwMi4wIKXMDSoASAFQAw%3D%3D\">Piilipuunkatu 4 21200 RAISIO<\/a>.<\/p>\n\n\n\n<p>K\u00e4ymme l\u00e4pi s\u00e4\u00e4nt\u00f6m\u00e4\u00e4r\u00e4iset asiat, mm toimintasuunnitelman t\u00e4lle vuodelle sek\u00e4 viime vuoden toimintakertomuksen. Keskustellaan mm tulevan kes\u00e4n tapahtumista sek\u00e4 ISOSTA kentt\u00e4kunnostus operaatiosta.<\/p>\n\n\n\n<p>Kokouksen esityslista on l\u00e4hetetty j\u00e4senist\u00f6lle kokouskutsun liitteen\u00e4 s\u00e4hk\u00f6postitse.<\/p>\n\n\n\n<p>Paljastamme my\u00f6s VUODEN LENN\u00c4TT\u00c4J\u00c4N 2024 KERHOTY\u00d6N SANKARIN!<\/p>\n\n\n\n<p>Tervetuloa suurin joukoin<\/p>\n\n\n\n<p>Is\u00e4nt\u00e4 tarjoaa my\u00f6s kahvit<\/p>\n\n\n\n<p><\/p>\n\n\n\n<figure class=\"wp-block-image size-large\"><img loading=\"lazy\" decoding=\"async\" width=\"1024\" height=\"576\" src=\"https:\/\/turunlennokkiseura.com\/tls\/wp-content\/uploads\/2025\/03\/KarcherCenter-1024x576.jpg\" alt=\"\" class=\"wp-image-1284\" srcset=\"https:\/\/turunlennokkiseura.com\/tls\/wp-content\/uploads\/2025\/03\/KarcherCenter-1024x576.jpg 1024w, https:\/\/turunlennokkiseura.com\/tls\/wp-content\/uploads\/2025\/03\/KarcherCenter-300x169.jpg 300w, https:\/\/turunlennokkiseura.com\/tls\/wp-content\/uploads\/2025\/03\/KarcherCenter-768x432.jpg 768w, https:\/\/turunlennokkiseura.com\/tls\/wp-content\/uploads\/2025\/03\/KarcherCenter-1536x864.jpg 1536w, https:\/\/turunlennokkiseura.com\/tls\/wp-content\/uploads\/2025\/03\/KarcherCenter-2048x1152.jpg 2048w\" sizes=\"auto, (max-width: 1024px) 100vw, 1024px\" \/><\/figure>\n","protected":false},"excerpt":{"rendered":"<p>Turun Lennokkiseura ry:n vuosikokous pidet\u00e4\u00e4n keskiviikkona 19.3.2025 klo 18:00 alkaen K\u00e4rcher Center Kymppipalvelun tiloissa Raision ABC:n vieress\u00e4 osoitteessa Piilipuunkatu 4 21200 RAISIO. K\u00e4ymme l\u00e4pi s\u00e4\u00e4nt\u00f6m\u00e4\u00e4r\u00e4iset asiat, mm toimintasuunnitelman t\u00e4lle vuodelle sek\u00e4 viime vuoden toimintakertomuksen. Keskustellaan mm tulevan kes\u00e4n tapahtumista sek\u00e4 ISOSTA kentt\u00e4kunnostus operaatiosta. Kokouksen esityslista on l\u00e4hetetty j\u00e4senist\u00f6lle kokouskutsun liitteen\u00e4 s\u00e4hk\u00f6postitse. Paljastamme my\u00f6s VUODEN LENN\u00c4TT\u00c4J\u00c4N [&hellip;]<\/p>\n","protected":false},"author":3,"featured_media":0,"comment_status":"closed","ping_status":"closed","sticky":false,"template":"","format":"standard","meta":{"pgc_sgb_lightbox_settings":"","footnotes":""},"categories":[1,18],"tags":[28],"class_list":["post-1283","post","type-post","status-publish","format-standard","hentry","category-oletus","category-tapahtuma","tag-kokous"],"_links":{"self":[{"href":"https:\/\/turunlennokkiseura.com\/tls\/wp-json\/wp\/v2\/posts\/1283","targetHints":{"allow":["GET"]}}],"collection":[{"href":"https:\/\/turunlennokkiseura.com\/tls\/wp-json\/wp\/v2\/posts"}],"about":[{"href":"https:\/\/turunlennokkiseura.com\/tls\/wp-json\/wp\/v2\/types\/post"}],"author":[{"embeddable":true,"href":"https:\/\/turunlennokkiseura.com\/tls\/wp-json\/wp\/v2\/users\/3"}],"replies":[{"embeddable":true,"href":"https:\/\/turunlennokkiseura.com\/tls\/wp-json\/wp\/v2\/comments?post=1283"}],"version-history":[{"count":2,"href":"https:\/\/turunlennokkiseura.com\/tls\/wp-json\/wp\/v2\/posts\/1283\/revisions"}],"predecessor-version":[{"id":1286,"href":"https:\/\/turunlennokkiseura.com\/tls\/wp-json\/wp\/v2\/posts\/1283\/revisions\/1286"}],"wp:attachment":[{"href":"https:\/\/turunlennokkiseura.com\/tls\/wp-json\/wp\/v2\/media?parent=1283"}],"wp:term":[{"taxonomy":"category","embeddable":true,"href":"https:\/\/turunlennokkiseura.com\/tls\/wp-json\/wp\/v2\/categories?post=1283"},{"taxonomy":"post_tag","embeddable":true,"href":"https:\/\/turunlennokkiseura.com\/tls\/wp-json\/wp\/v2\/tags?post=1283"}],"curies":[{"name":"wp","href":"https:\/\/api.w.org\/{rel}","templated":true}]}}