



{"id":1271,"date":"2025-01-02T19:48:30","date_gmt":"2025-01-02T16:48:30","guid":{"rendered":"https:\/\/turunlennokkiseura.com\/tls\/?p=1271"},"modified":"2025-01-02T19:48:30","modified_gmt":"2025-01-02T16:48:30","slug":"puheenjohtajan-terveiset-alkaneelle-vuodelle","status":"publish","type":"post","link":"https:\/\/turunlennokkiseura.com\/tls\/2025\/01\/02\/puheenjohtajan-terveiset-alkaneelle-vuodelle\/","title":{"rendered":"Puheenjohtajan terveiset alkaneelle vuodelle"},"content":{"rendered":"\n<p>Hyv\u00e4\u00e4 alkanutta vuotta seuran j\u00e4senille sek\u00e4 yhteisty\u00f6kumppaneillemme.<\/p>\n\n\n\n<p>Edellinen vuosi oli tapahtumarikas ja kaikinpuolin menestyksek\u00e4s. Seura t\u00e4ytti kunnioitettavat 40 vuotta ja j\u00e4rjestimme runsaasti kilpailuja ja tapahtumia sek\u00e4 saimme uusia yhteisty\u00f6kumppaneita.<\/p>\n\n\n\n<p>Lenn\u00e4tyskausi ei loppunut syksyll\u00e4 vaan saimme n. joka toiseksi viikonlopuksi hallivuoron sis\u00e4lenn\u00e4tyst\u00e4 varten Lietohalliin. Sis\u00e4lenn\u00e4tyksiss\u00e4 on ollut runsaasti lenn\u00e4tt\u00e4ji\u00e4 ja lis\u00e4\u00e4kin olisi mahtunut joten kaikki rohkeasti mukaan. Iso kiitos seuran j\u00e4senille osallistumisesta kilpailuihin, talkoisiin ja sis\u00e4lenn\u00e4tyksiin. Aktiivisella osallistumisella pystymme jatkossakin j\u00e4rjest\u00e4m\u00e4\u00e4n tapahtumia ja kehitt\u00e4m\u00e4\u00e4n toimintaamme.<\/p>\n\n\n\n<p>Syyskokouksessa todettiin nykyisen j\u00e4senmaksun j\u00e4\u00e4neen selv\u00e4sti j\u00e4lkeen hintojen nousun aiheuttamista kohonneista k\u00e4ytt\u00f6kuluista. My\u00f6skin -26 kent\u00e4n vuokrasopimus pit\u00e4\u00e4 uusia. Uusi vuokrahinta tulee olemaan huomattavasti suurempi jolloin nykyiset seuran tulot eiv\u00e4t edes riit\u00e4 pakollisiin menoihin. T\u00e4m\u00e4n vuoksi kokous p\u00e4\u00e4tti kent\u00e4n tulevaisuuden turvaamiseksi j\u00e4senmaksuksi 80\u20ac aikuisilta ja 20\u20ac alle 17 vuotiailta.<\/p>\n\n\n\n<p>Katse suunnataan kohti tulevaa ja se n\u00e4ytt\u00e4\u00e4 valoisalta. Tulemme j\u00e4rjest\u00e4m\u00e4\u00e4n kilpailuja jatkossakin ja ainakin yhden tapahtuman ellei useammankin. <a href=\"https:\/\/turunlennokkiseura.com\/tls\/kalenteri\/\" target=\"_blank\" rel=\"noreferrer noopener\">Sis\u00e4lenn\u00e4tyksi\u00e4<\/a> jatkamme rytmill\u00e4 jokatoinen viikonloppu mik\u00e4li vuoroja saadaan. Vuorot merkit\u00e4\u00e4n <a href=\"https:\/\/turunlennokkiseura.com\/tls\/kalenteri\/\" target=\"_blank\" rel=\"noreferrer noopener\">kalenteriin <\/a>niiden varmistuttua..<\/p>\n\n\n\n<p>Kev\u00e4t tulee sielt\u00e4 nopeasti joten nyt on hyv\u00e4 hetki p\u00e4ivitt\u00e4\u00e4 ja huoltaa omia koneita ja aloittaa kausi heti kun s\u00e4\u00e4 sen sallii. Toiset jatkavat ymp\u00e4ri vuoden s\u00e4\u00e4st\u00e4 riippumatta. Toukokuussa ensimm\u00e4isen\u00e4 kilpailuna aloittaa F3A ja siit\u00e4 jatketaan eteenp\u00e4in p\u00e4iv\u00e4m\u00e4\u00e4rien varmistuessa. Oikein mukavaa ja lennokasta vuotta 2025.&nbsp;<\/p>\n\n\n\n<p>Yst\u00e4v\u00e4llisin terveisin\u00a0<\/p>\n\n\n\n<p>puheenjohtaja Marko Nieminen<\/p>\n\n\n\n<p><\/p>\n\n\n\n<figure class=\"wp-block-image size-large is-resized\"><img loading=\"lazy\" decoding=\"async\" width=\"485\" height=\"1024\" src=\"https:\/\/turunlennokkiseura.com\/tls\/wp-content\/uploads\/2025\/01\/Pj-Marko-485x1024.jpg\" alt=\"\" class=\"wp-image-1270\" style=\"width:335px;height:auto\" srcset=\"https:\/\/turunlennokkiseura.com\/tls\/wp-content\/uploads\/2025\/01\/Pj-Marko-485x1024.jpg 485w, https:\/\/turunlennokkiseura.com\/tls\/wp-content\/uploads\/2025\/01\/Pj-Marko-142x300.jpg 142w, https:\/\/turunlennokkiseura.com\/tls\/wp-content\/uploads\/2025\/01\/Pj-Marko-768x1623.jpg 768w, https:\/\/turunlennokkiseura.com\/tls\/wp-content\/uploads\/2025\/01\/Pj-Marko-727x1536.jpg 727w, https:\/\/turunlennokkiseura.com\/tls\/wp-content\/uploads\/2025\/01\/Pj-Marko.jpg 954w\" sizes=\"auto, (max-width: 485px) 100vw, 485px\" \/><\/figure>\n","protected":false},"excerpt":{"rendered":"<p>Hyv\u00e4\u00e4 alkanutta vuotta seuran j\u00e4senille sek\u00e4 yhteisty\u00f6kumppaneillemme. Edellinen vuosi oli tapahtumarikas ja kaikinpuolin menestyksek\u00e4s. Seura t\u00e4ytti kunnioitettavat 40 vuotta ja j\u00e4rjestimme runsaasti kilpailuja ja tapahtumia sek\u00e4 saimme uusia yhteisty\u00f6kumppaneita. Lenn\u00e4tyskausi ei loppunut syksyll\u00e4 vaan saimme n. joka toiseksi viikonlopuksi hallivuoron sis\u00e4lenn\u00e4tyst\u00e4 varten Lietohalliin. Sis\u00e4lenn\u00e4tyksiss\u00e4 on ollut runsaasti lenn\u00e4tt\u00e4ji\u00e4 ja lis\u00e4\u00e4kin olisi mahtunut joten kaikki rohkeasti [&hellip;]<\/p>\n","protected":false},"author":3,"featured_media":0,"comment_status":"closed","ping_status":"closed","sticky":false,"template":"","format":"standard","meta":{"pgc_sgb_lightbox_settings":"","footnotes":""},"categories":[1],"tags":[22,24,23],"class_list":["post-1271","post","type-post","status-publish","format-standard","hentry","category-oletus","tag-sisalennatys","tag-sponsori","tag-yhteistyokumppani"],"_links":{"self":[{"href":"https:\/\/turunlennokkiseura.com\/tls\/wp-json\/wp\/v2\/posts\/1271","targetHints":{"allow":["GET"]}}],"collection":[{"href":"https:\/\/turunlennokkiseura.com\/tls\/wp-json\/wp\/v2\/posts"}],"about":[{"href":"https:\/\/turunlennokkiseura.com\/tls\/wp-json\/wp\/v2\/types\/post"}],"author":[{"embeddable":true,"href":"https:\/\/turunlennokkiseura.com\/tls\/wp-json\/wp\/v2\/users\/3"}],"replies":[{"embeddable":true,"href":"https:\/\/turunlennokkiseura.com\/tls\/wp-json\/wp\/v2\/comments?post=1271"}],"version-history":[{"count":1,"href":"https:\/\/turunlennokkiseura.com\/tls\/wp-json\/wp\/v2\/posts\/1271\/revisions"}],"predecessor-version":[{"id":1272,"href":"https:\/\/turunlennokkiseura.com\/tls\/wp-json\/wp\/v2\/posts\/1271\/revisions\/1272"}],"wp:attachment":[{"href":"https:\/\/turunlennokkiseura.com\/tls\/wp-json\/wp\/v2\/media?parent=1271"}],"wp:term":[{"taxonomy":"category","embeddable":true,"href":"https:\/\/turunlennokkiseura.com\/tls\/wp-json\/wp\/v2\/categories?post=1271"},{"taxonomy":"post_tag","embeddable":true,"href":"https:\/\/turunlennokkiseura.com\/tls\/wp-json\/wp\/v2\/tags?post=1271"}],"curies":[{"name":"wp","href":"https:\/\/api.w.org\/{rel}","templated":true}]}}