



{"id":127,"date":"2023-07-09T00:23:49","date_gmt":"2023-07-08T21:23:49","guid":{"rendered":"https:\/\/turunlennokkiseura.com\/tls\/?p=127"},"modified":"2023-07-12T22:49:01","modified_gmt":"2023-07-12T19:49:01","slug":"paattisten-kentalla-otetaan-kayttoon-saaasema","status":"publish","type":"post","link":"https:\/\/turunlennokkiseura.com\/tls\/2023\/07\/09\/paattisten-kentalla-otetaan-kayttoon-saaasema\/","title":{"rendered":"Paattisten kent\u00e4ll\u00e4 otetaan k\u00e4ytt\u00f6\u00f6n s\u00e4\u00e4asema"},"content":{"rendered":"\n<p>Seura on hankkinut EcoWitt GW2001 s\u00e4\u00e4aseman joka asennetaan k\u00e4ytt\u00f6\u00f6n kent\u00e4lle torstaina 13.07.2023.<\/p>\n\n\n\n<p>Nykyinen s\u00e4\u00e4tila n\u00e4kyy kentt\u00e4- sivuilla ja tarkemmat tiedot voi halutessaan n\u00e4hd\u00e4 EcoWitt palvelun kautta. T\u00e4st\u00e4 lis\u00e4\u00e4 infoa my\u00f6hemmin.<br>Tiedot p\u00e4ivittyv\u00e4t noin viiden minuutin v\u00e4lein.<\/p>\n\n\n\n<p>S\u00e4\u00e4aseman toiminnan varmistamiseksi talvella my\u00f6s aurinkopaneelij\u00e4rjestelm\u00e4\u00e4 ja akustoa kasvatetaan.<\/p>\n\n\n\n<p>Suunnitelmissa on lis\u00e4t\u00e4 loppukes\u00e4ll\u00e4 my\u00f6s kamera.<\/p>\n","protected":false},"excerpt":{"rendered":"<p>Seura on hankkinut EcoWitt GW2001 s\u00e4\u00e4aseman joka asennetaan k\u00e4ytt\u00f6\u00f6n kent\u00e4lle torstaina 13.07.2023. Nykyinen s\u00e4\u00e4tila n\u00e4kyy kentt\u00e4- sivuilla ja tarkemmat tiedot voi halutessaan n\u00e4hd\u00e4 EcoWitt palvelun kautta. T\u00e4st\u00e4 lis\u00e4\u00e4 infoa my\u00f6hemmin.Tiedot p\u00e4ivittyv\u00e4t noin viiden minuutin v\u00e4lein. S\u00e4\u00e4aseman toiminnan varmistamiseksi talvella my\u00f6s aurinkopaneelij\u00e4rjestelm\u00e4\u00e4 ja akustoa kasvatetaan. Suunnitelmissa on lis\u00e4t\u00e4 loppukes\u00e4ll\u00e4 my\u00f6s kamera.<\/p>\n","protected":false},"author":1,"featured_media":0,"comment_status":"closed","ping_status":"closed","sticky":false,"template":"","format":"standard","meta":{"pgc_sgb_lightbox_settings":"","footnotes":""},"categories":[1],"tags":[],"class_list":["post-127","post","type-post","status-publish","format-standard","hentry","category-oletus"],"_links":{"self":[{"href":"https:\/\/turunlennokkiseura.com\/tls\/wp-json\/wp\/v2\/posts\/127","targetHints":{"allow":["GET"]}}],"collection":[{"href":"https:\/\/turunlennokkiseura.com\/tls\/wp-json\/wp\/v2\/posts"}],"about":[{"href":"https:\/\/turunlennokkiseura.com\/tls\/wp-json\/wp\/v2\/types\/post"}],"author":[{"embeddable":true,"href":"https:\/\/turunlennokkiseura.com\/tls\/wp-json\/wp\/v2\/users\/1"}],"replies":[{"embeddable":true,"href":"https:\/\/turunlennokkiseura.com\/tls\/wp-json\/wp\/v2\/comments?post=127"}],"version-history":[{"count":2,"href":"https:\/\/turunlennokkiseura.com\/tls\/wp-json\/wp\/v2\/posts\/127\/revisions"}],"predecessor-version":[{"id":170,"href":"https:\/\/turunlennokkiseura.com\/tls\/wp-json\/wp\/v2\/posts\/127\/revisions\/170"}],"wp:attachment":[{"href":"https:\/\/turunlennokkiseura.com\/tls\/wp-json\/wp\/v2\/media?parent=127"}],"wp:term":[{"taxonomy":"category","embeddable":true,"href":"https:\/\/turunlennokkiseura.com\/tls\/wp-json\/wp\/v2\/categories?post=127"},{"taxonomy":"post_tag","embeddable":true,"href":"https:\/\/turunlennokkiseura.com\/tls\/wp-json\/wp\/v2\/tags?post=127"}],"curies":[{"name":"wp","href":"https:\/\/api.w.org\/{rel}","templated":true}]}}