



{"id":1224,"date":"2024-10-22T14:07:48","date_gmt":"2024-10-22T11:07:48","guid":{"rendered":"https:\/\/turunlennokkiseura.com\/tls\/?p=1224"},"modified":"2024-10-22T14:07:49","modified_gmt":"2024-10-22T11:07:49","slug":"sisalennatyskausi-aloitettu-lietohallissa","status":"publish","type":"post","link":"https:\/\/turunlennokkiseura.com\/tls\/2024\/10\/22\/sisalennatyskausi-aloitettu-lietohallissa\/","title":{"rendered":"Sis\u00e4lenn\u00e4tyskausi aloitettu Lietohallissa"},"content":{"rendered":"\n<p>Seuraavat lenn\u00e4tykset l\u00f6ytyv\u00e4t <a href=\"https:\/\/turunlennokkiseura.com\/tls\/kalenteri\/\" data-type=\"page\" data-id=\"14\">kalenterista<\/a> sis\u00e4 mukaa kun niit\u00e4 saadaan varattua.<\/p>\n\n\n\n<p><\/p>\n\n\n\n<figure class=\"wp-block-image\"><img loading=\"lazy\" decoding=\"async\" width=\"2400\" height=\"1350\" src=\"https:\/\/turunlennokkiseura.com\/tls\/wp-content\/uploads\/2024\/10\/20241020_180804.jpg\" alt=\"\" class=\"wp-image-1223\" srcset=\"https:\/\/turunlennokkiseura.com\/tls\/wp-content\/uploads\/2024\/10\/20241020_180804.jpg 2400w, https:\/\/turunlennokkiseura.com\/tls\/wp-content\/uploads\/2024\/10\/20241020_180804-300x169.jpg 300w, https:\/\/turunlennokkiseura.com\/tls\/wp-content\/uploads\/2024\/10\/20241020_180804-1024x576.jpg 1024w, https:\/\/turunlennokkiseura.com\/tls\/wp-content\/uploads\/2024\/10\/20241020_180804-768x432.jpg 768w, https:\/\/turunlennokkiseura.com\/tls\/wp-content\/uploads\/2024\/10\/20241020_180804-1536x864.jpg 1536w, https:\/\/turunlennokkiseura.com\/tls\/wp-content\/uploads\/2024\/10\/20241020_180804-2048x1152.jpg 2048w\" sizes=\"auto, (max-width: 2400px) 100vw, 2400px\" \/><\/figure>\n\n\n\n<p><\/p>\n\n\n\n<figure class=\"wp-block-embed is-type-video is-provider-youtube wp-block-embed-youtube wp-embed-aspect-16-9 wp-has-aspect-ratio\"><div class=\"wp-block-embed__wrapper\">\n<iframe loading=\"lazy\" title=\"Sis\u00e4lenn\u00e4tys 20.10.2024. Indoor rc frying @turunlennokkiseura\" width=\"500\" height=\"281\" src=\"https:\/\/www.youtube.com\/embed\/4pAw9_dmkHw?feature=oembed\" frameborder=\"0\" allow=\"accelerometer; autoplay; clipboard-write; encrypted-media; gyroscope; picture-in-picture; web-share\" referrerpolicy=\"strict-origin-when-cross-origin\" allowfullscreen><\/iframe>\n<\/div><\/figure>\n","protected":false},"excerpt":{"rendered":"<p>Seuraavat lenn\u00e4tykset l\u00f6ytyv\u00e4t kalenterista sis\u00e4 mukaa kun niit\u00e4 saadaan varattua.<\/p>\n","protected":false},"author":3,"featured_media":0,"comment_status":"closed","ping_status":"closed","sticky":false,"template":"","format":"standard","meta":{"pgc_sgb_lightbox_settings":"","footnotes":""},"categories":[1],"tags":[22],"class_list":["post-1224","post","type-post","status-publish","format-standard","hentry","category-oletus","tag-sisalennatys"],"_links":{"self":[{"href":"https:\/\/turunlennokkiseura.com\/tls\/wp-json\/wp\/v2\/posts\/1224","targetHints":{"allow":["GET"]}}],"collection":[{"href":"https:\/\/turunlennokkiseura.com\/tls\/wp-json\/wp\/v2\/posts"}],"about":[{"href":"https:\/\/turunlennokkiseura.com\/tls\/wp-json\/wp\/v2\/types\/post"}],"author":[{"embeddable":true,"href":"https:\/\/turunlennokkiseura.com\/tls\/wp-json\/wp\/v2\/users\/3"}],"replies":[{"embeddable":true,"href":"https:\/\/turunlennokkiseura.com\/tls\/wp-json\/wp\/v2\/comments?post=1224"}],"version-history":[{"count":1,"href":"https:\/\/turunlennokkiseura.com\/tls\/wp-json\/wp\/v2\/posts\/1224\/revisions"}],"predecessor-version":[{"id":1225,"href":"https:\/\/turunlennokkiseura.com\/tls\/wp-json\/wp\/v2\/posts\/1224\/revisions\/1225"}],"wp:attachment":[{"href":"https:\/\/turunlennokkiseura.com\/tls\/wp-json\/wp\/v2\/media?parent=1224"}],"wp:term":[{"taxonomy":"category","embeddable":true,"href":"https:\/\/turunlennokkiseura.com\/tls\/wp-json\/wp\/v2\/categories?post=1224"},{"taxonomy":"post_tag","embeddable":true,"href":"https:\/\/turunlennokkiseura.com\/tls\/wp-json\/wp\/v2\/tags?post=1224"}],"curies":[{"name":"wp","href":"https:\/\/api.w.org\/{rel}","templated":true}]}}