



{"id":1214,"date":"2024-09-25T14:17:45","date_gmt":"2024-09-25T11:17:45","guid":{"rendered":"https:\/\/turunlennokkiseura.com\/tls\/?p=1214"},"modified":"2024-09-27T12:47:08","modified_gmt":"2024-09-27T09:47:08","slug":"kesakauden-paattajaiset-talkoot-hupikisa-tls-40v-juhla-ateria-lauantaina-28-9-varapaiva-sunnuntai","status":"publish","type":"post","link":"https:\/\/turunlennokkiseura.com\/tls\/2024\/09\/25\/kesakauden-paattajaiset-talkoot-hupikisa-tls-40v-juhla-ateria-lauantaina-28-9-varapaiva-sunnuntai\/","title":{"rendered":"Kes\u00e4kauden p\u00e4\u00e4tt\u00e4j\u00e4iset, talkoot, hupikisa, TLS 40v juhla-ateria sunnuntaina 29.9."},"content":{"rendered":"\n<figure class=\"wp-block-image size-large\"><img loading=\"lazy\" decoding=\"async\" width=\"1024\" height=\"576\" src=\"https:\/\/turunlennokkiseura.com\/tls\/wp-content\/uploads\/2023\/09\/20220924_121352-1024x576.jpg\" alt=\"\" class=\"wp-image-397\" srcset=\"https:\/\/turunlennokkiseura.com\/tls\/wp-content\/uploads\/2023\/09\/20220924_121352-1024x576.jpg 1024w, https:\/\/turunlennokkiseura.com\/tls\/wp-content\/uploads\/2023\/09\/20220924_121352-300x169.jpg 300w, https:\/\/turunlennokkiseura.com\/tls\/wp-content\/uploads\/2023\/09\/20220924_121352-768x432.jpg 768w, https:\/\/turunlennokkiseura.com\/tls\/wp-content\/uploads\/2023\/09\/20220924_121352.jpg 1333w\" sizes=\"auto, (max-width: 1024px) 100vw, 1024px\" \/><\/figure>\n\n\n\n<p>P\u00e4\u00e4tettiin siirt\u00e4\u00e4 varap\u00e4iv\u00e4\u00e4n. Aloitetaan klo 10 j\u00e4rjestelem\u00e4ll\u00e4 paikkoja talvea varten. Lauantainakin saa tulla jo etuk\u00e4teen talkoilemaan. <\/p>\n\n\n\n<p><\/p>\n\n\n\n<p>Tervetuloa!<\/p>\n","protected":false},"excerpt":{"rendered":"<p>P\u00e4\u00e4tettiin siirt\u00e4\u00e4 varap\u00e4iv\u00e4\u00e4n. Aloitetaan klo 10 j\u00e4rjestelem\u00e4ll\u00e4 paikkoja talvea varten. Lauantainakin saa tulla jo etuk\u00e4teen talkoilemaan. Tervetuloa!<\/p>\n","protected":false},"author":3,"featured_media":0,"comment_status":"closed","ping_status":"closed","sticky":false,"template":"","format":"standard","meta":{"pgc_sgb_lightbox_settings":"","footnotes":""},"categories":[1,18],"tags":[21],"class_list":["post-1214","post","type-post","status-publish","format-standard","hentry","category-oletus","category-tapahtuma","tag-kesakauden-paattajaiset"],"_links":{"self":[{"href":"https:\/\/turunlennokkiseura.com\/tls\/wp-json\/wp\/v2\/posts\/1214","targetHints":{"allow":["GET"]}}],"collection":[{"href":"https:\/\/turunlennokkiseura.com\/tls\/wp-json\/wp\/v2\/posts"}],"about":[{"href":"https:\/\/turunlennokkiseura.com\/tls\/wp-json\/wp\/v2\/types\/post"}],"author":[{"embeddable":true,"href":"https:\/\/turunlennokkiseura.com\/tls\/wp-json\/wp\/v2\/users\/3"}],"replies":[{"embeddable":true,"href":"https:\/\/turunlennokkiseura.com\/tls\/wp-json\/wp\/v2\/comments?post=1214"}],"version-history":[{"count":4,"href":"https:\/\/turunlennokkiseura.com\/tls\/wp-json\/wp\/v2\/posts\/1214\/revisions"}],"predecessor-version":[{"id":1219,"href":"https:\/\/turunlennokkiseura.com\/tls\/wp-json\/wp\/v2\/posts\/1214\/revisions\/1219"}],"wp:attachment":[{"href":"https:\/\/turunlennokkiseura.com\/tls\/wp-json\/wp\/v2\/media?parent=1214"}],"wp:term":[{"taxonomy":"category","embeddable":true,"href":"https:\/\/turunlennokkiseura.com\/tls\/wp-json\/wp\/v2\/categories?post=1214"},{"taxonomy":"post_tag","embeddable":true,"href":"https:\/\/turunlennokkiseura.com\/tls\/wp-json\/wp\/v2\/tags?post=1214"}],"curies":[{"name":"wp","href":"https:\/\/api.w.org\/{rel}","templated":true}]}}