



{"id":1202,"date":"2024-09-01T17:36:06","date_gmt":"2024-09-01T14:36:06","guid":{"rendered":"https:\/\/turunlennokkiseura.com\/tls\/?p=1202"},"modified":"2024-09-13T13:01:20","modified_gmt":"2024-09-13T10:01:20","slug":"lennattamaan-tapahtuma-3-2024","status":"publish","type":"post","link":"https:\/\/turunlennokkiseura.com\/tls\/2024\/09\/01\/lennattamaan-tapahtuma-3-2024\/","title":{"rendered":"*PERUTTU* Lenn\u00e4tt\u00e4m\u00e4\u00e4n tapahtuma 3\/2024"},"content":{"rendered":"\n<figure class=\"wp-block-image size-large\"><img loading=\"lazy\" decoding=\"async\" width=\"725\" height=\"1024\" src=\"https:\/\/turunlennokkiseura.com\/tls\/wp-content\/uploads\/2024\/09\/IMG-20240901-WA00131-1-725x1024.jpg\" alt=\"\" class=\"wp-image-1209\" srcset=\"https:\/\/turunlennokkiseura.com\/tls\/wp-content\/uploads\/2024\/09\/IMG-20240901-WA00131-1-725x1024.jpg 725w, https:\/\/turunlennokkiseura.com\/tls\/wp-content\/uploads\/2024\/09\/IMG-20240901-WA00131-1-212x300.jpg 212w, https:\/\/turunlennokkiseura.com\/tls\/wp-content\/uploads\/2024\/09\/IMG-20240901-WA00131-1-768x1085.jpg 768w, https:\/\/turunlennokkiseura.com\/tls\/wp-content\/uploads\/2024\/09\/IMG-20240901-WA00131-1.jpg 852w\" sizes=\"auto, (max-width: 725px) 100vw, 725px\" \/><\/figure>\n\n\n\n<figure class=\"wp-block-embed\"><div class=\"wp-block-embed__wrapper\">\nhttps:\/\/www.facebook.com\/share\/CjRAjscWod6HL8cm\n<\/div><\/figure>\n","protected":false},"excerpt":{"rendered":"","protected":false},"author":3,"featured_media":0,"comment_status":"closed","ping_status":"closed","sticky":false,"template":"","format":"standard","meta":{"pgc_sgb_lightbox_settings":"","footnotes":""},"categories":[1,18],"tags":[],"class_list":["post-1202","post","type-post","status-publish","format-standard","hentry","category-oletus","category-tapahtuma"],"_links":{"self":[{"href":"https:\/\/turunlennokkiseura.com\/tls\/wp-json\/wp\/v2\/posts\/1202","targetHints":{"allow":["GET"]}}],"collection":[{"href":"https:\/\/turunlennokkiseura.com\/tls\/wp-json\/wp\/v2\/posts"}],"about":[{"href":"https:\/\/turunlennokkiseura.com\/tls\/wp-json\/wp\/v2\/types\/post"}],"author":[{"embeddable":true,"href":"https:\/\/turunlennokkiseura.com\/tls\/wp-json\/wp\/v2\/users\/3"}],"replies":[{"embeddable":true,"href":"https:\/\/turunlennokkiseura.com\/tls\/wp-json\/wp\/v2\/comments?post=1202"}],"version-history":[{"count":4,"href":"https:\/\/turunlennokkiseura.com\/tls\/wp-json\/wp\/v2\/posts\/1202\/revisions"}],"predecessor-version":[{"id":1210,"href":"https:\/\/turunlennokkiseura.com\/tls\/wp-json\/wp\/v2\/posts\/1202\/revisions\/1210"}],"wp:attachment":[{"href":"https:\/\/turunlennokkiseura.com\/tls\/wp-json\/wp\/v2\/media?parent=1202"}],"wp:term":[{"taxonomy":"category","embeddable":true,"href":"https:\/\/turunlennokkiseura.com\/tls\/wp-json\/wp\/v2\/categories?post=1202"},{"taxonomy":"post_tag","embeddable":true,"href":"https:\/\/turunlennokkiseura.com\/tls\/wp-json\/wp\/v2\/tags?post=1202"}],"curies":[{"name":"wp","href":"https:\/\/api.w.org\/{rel}","templated":true}]}}