



{"id":1171,"date":"2024-06-24T23:31:53","date_gmt":"2024-06-24T20:31:53","guid":{"rendered":"https:\/\/turunlennokkiseura.com\/tls\/?p=1171"},"modified":"2024-06-24T23:31:54","modified_gmt":"2024-06-24T20:31:54","slug":"lennattamaan-tapahtuma-2-2024","status":"publish","type":"post","link":"https:\/\/turunlennokkiseura.com\/tls\/2024\/06\/24\/lennattamaan-tapahtuma-2-2024\/","title":{"rendered":"Lenn\u00e4tt\u00e4m\u00e4\u00e4n tapahtuma 2\/2024"},"content":{"rendered":"\n<p><a href=\"https:\/\/www.facebook.com\/share\/J71mnhJhFV9gVnhq\">https:\/\/www.facebook.com\/share\/J71mnhJhFV9gVnhq<\/a><\/p>\n\n\n\n<p>Seuraava tapahtumamme keskiviikkona 17.7 klo 18-21.<br>Nyt olisi tarkoitus enemm\u00e4n lenn\u00e4tt\u00e4\u00e4 ja tuoda koneita n\u00e4ht\u00e4ville. Seuran traineri kuitenkin paikalla halukkaille kokeilijoille. <\/p>\n\n\n\n<p>Levitt\u00e4k\u00e4\u00e4 sanaa ja ilmoitusta \ud83d\udc4d<\/p>\n\n\n\n<p><\/p>\n\n\n\n<figure class=\"wp-block-image size-large\"><img loading=\"lazy\" decoding=\"async\" width=\"725\" height=\"1024\" src=\"https:\/\/turunlennokkiseura.com\/tls\/wp-content\/uploads\/2024\/06\/Screenshot_20240624_164935_Drive-725x1024.jpg\" alt=\"\" class=\"wp-image-1170\" srcset=\"https:\/\/turunlennokkiseura.com\/tls\/wp-content\/uploads\/2024\/06\/Screenshot_20240624_164935_Drive-725x1024.jpg 725w, https:\/\/turunlennokkiseura.com\/tls\/wp-content\/uploads\/2024\/06\/Screenshot_20240624_164935_Drive-212x300.jpg 212w, https:\/\/turunlennokkiseura.com\/tls\/wp-content\/uploads\/2024\/06\/Screenshot_20240624_164935_Drive-768x1084.jpg 768w, https:\/\/turunlennokkiseura.com\/tls\/wp-content\/uploads\/2024\/06\/Screenshot_20240624_164935_Drive.jpg 1080w\" sizes=\"auto, (max-width: 725px) 100vw, 725px\" \/><\/figure>\n","protected":false},"excerpt":{"rendered":"<p>https:\/\/www.facebook.com\/share\/J71mnhJhFV9gVnhq Seuraava tapahtumamme keskiviikkona 17.7 klo 18-21.Nyt olisi tarkoitus enemm\u00e4n lenn\u00e4tt\u00e4\u00e4 ja tuoda koneita n\u00e4ht\u00e4ville. Seuran traineri kuitenkin paikalla halukkaille kokeilijoille. Levitt\u00e4k\u00e4\u00e4 sanaa ja ilmoitusta \ud83d\udc4d<\/p>\n","protected":false},"author":3,"featured_media":0,"comment_status":"closed","ping_status":"closed","sticky":false,"template":"","format":"standard","meta":{"pgc_sgb_lightbox_settings":"","footnotes":""},"categories":[1,18],"tags":[],"class_list":["post-1171","post","type-post","status-publish","format-standard","hentry","category-oletus","category-tapahtuma"],"_links":{"self":[{"href":"https:\/\/turunlennokkiseura.com\/tls\/wp-json\/wp\/v2\/posts\/1171","targetHints":{"allow":["GET"]}}],"collection":[{"href":"https:\/\/turunlennokkiseura.com\/tls\/wp-json\/wp\/v2\/posts"}],"about":[{"href":"https:\/\/turunlennokkiseura.com\/tls\/wp-json\/wp\/v2\/types\/post"}],"author":[{"embeddable":true,"href":"https:\/\/turunlennokkiseura.com\/tls\/wp-json\/wp\/v2\/users\/3"}],"replies":[{"embeddable":true,"href":"https:\/\/turunlennokkiseura.com\/tls\/wp-json\/wp\/v2\/comments?post=1171"}],"version-history":[{"count":2,"href":"https:\/\/turunlennokkiseura.com\/tls\/wp-json\/wp\/v2\/posts\/1171\/revisions"}],"predecessor-version":[{"id":1173,"href":"https:\/\/turunlennokkiseura.com\/tls\/wp-json\/wp\/v2\/posts\/1171\/revisions\/1173"}],"wp:attachment":[{"href":"https:\/\/turunlennokkiseura.com\/tls\/wp-json\/wp\/v2\/media?parent=1171"}],"wp:term":[{"taxonomy":"category","embeddable":true,"href":"https:\/\/turunlennokkiseura.com\/tls\/wp-json\/wp\/v2\/categories?post=1171"},{"taxonomy":"post_tag","embeddable":true,"href":"https:\/\/turunlennokkiseura.com\/tls\/wp-json\/wp\/v2\/tags?post=1171"}],"curies":[{"name":"wp","href":"https:\/\/api.w.org\/{rel}","templated":true}]}}