



{"id":1090,"date":"2024-03-18T00:40:07","date_gmt":"2024-03-17T21:40:07","guid":{"rendered":"https:\/\/turunlennokkiseura.com\/tls\/?p=1090"},"modified":"2024-03-18T01:01:58","modified_gmt":"2024-03-17T22:01:58","slug":"vuoden-2023-lennattaja-seka-vuoden-2023-kerhotyon-sankari-paljastettu","status":"publish","type":"post","link":"https:\/\/turunlennokkiseura.com\/tls\/2024\/03\/18\/vuoden-2023-lennattaja-seka-vuoden-2023-kerhotyon-sankari-paljastettu\/","title":{"rendered":"Vuoden 2023 lenn\u00e4tt\u00e4j\u00e4 sek\u00e4 vuoden 2023 kerhoty\u00f6n sankari paljastettu."},"content":{"rendered":"\n<p>Kev\u00e4tkokous pidettiin mukavalla osanottajam\u00e4\u00e4r\u00e4ll\u00e4 14.3.2024 V-S Auto-Center Oy:n tiloissa Raisiossa. Kokoukseen osallistui 24 j\u00e4sent\u00e4. Kokouksen p\u00f6yt\u00e4kirja sek\u00e4 materiaalit on toimitettu s\u00e4hk\u00f6posteihinne. Kokouksen j\u00e4lkeen jaettiin j\u00e4senist\u00f6n tilaamat laadukkaiksikin toteamat TLS asusteet. Huom! Sunnuntaina 24.3.2024 on kev\u00e4tkauden viimeinen sis\u00e4lenn\u00e4tys Lausteen liikuntahallissa klo 12-14. <\/p>\n\n\n\n<figure class=\"wp-block-image size-full\"><img loading=\"lazy\" decoding=\"async\" width=\"960\" height=\"720\" src=\"https:\/\/turunlennokkiseura.com\/tls\/wp-content\/uploads\/2024\/03\/Vuoden-lennattaja-2023-kunniakirja.jpg\" alt=\"\" class=\"wp-image-1092\" srcset=\"https:\/\/turunlennokkiseura.com\/tls\/wp-content\/uploads\/2024\/03\/Vuoden-lennattaja-2023-kunniakirja.jpg 960w, https:\/\/turunlennokkiseura.com\/tls\/wp-content\/uploads\/2024\/03\/Vuoden-lennattaja-2023-kunniakirja-300x225.jpg 300w, https:\/\/turunlennokkiseura.com\/tls\/wp-content\/uploads\/2024\/03\/Vuoden-lennattaja-2023-kunniakirja-768x576.jpg 768w\" sizes=\"auto, (max-width: 960px) 100vw, 960px\" \/><\/figure>\n\n\n\n\n\n<figure class=\"wp-block-image size-full\"><img loading=\"lazy\" decoding=\"async\" width=\"960\" height=\"720\" src=\"https:\/\/turunlennokkiseura.com\/tls\/wp-content\/uploads\/2024\/03\/Vuoden-kerhotyon-sankari-2023-kunniakirja.jpg\" alt=\"\" class=\"wp-image-1093\" srcset=\"https:\/\/turunlennokkiseura.com\/tls\/wp-content\/uploads\/2024\/03\/Vuoden-kerhotyon-sankari-2023-kunniakirja.jpg 960w, https:\/\/turunlennokkiseura.com\/tls\/wp-content\/uploads\/2024\/03\/Vuoden-kerhotyon-sankari-2023-kunniakirja-300x225.jpg 300w, https:\/\/turunlennokkiseura.com\/tls\/wp-content\/uploads\/2024\/03\/Vuoden-kerhotyon-sankari-2023-kunniakirja-768x576.jpg 768w\" sizes=\"auto, (max-width: 960px) 100vw, 960px\" \/><\/figure>\n","protected":false},"excerpt":{"rendered":"<p>Kev\u00e4tkokous pidettiin mukavalla osanottajam\u00e4\u00e4r\u00e4ll\u00e4 14.3.2024 V-S Auto-Center Oy:n tiloissa Raisiossa. Kokoukseen osallistui 24 j\u00e4sent\u00e4. Kokouksen p\u00f6yt\u00e4kirja sek\u00e4 materiaalit on toimitettu s\u00e4hk\u00f6posteihinne. Kokouksen j\u00e4lkeen jaettiin j\u00e4senist\u00f6n tilaamat laadukkaiksikin toteamat TLS asusteet. Huom! Sunnuntaina 24.3.2024 on kev\u00e4tkauden viimeinen sis\u00e4lenn\u00e4tys Lausteen liikuntahallissa klo 12-14.<\/p>\n","protected":false},"author":3,"featured_media":0,"comment_status":"closed","ping_status":"closed","sticky":false,"template":"","format":"standard","meta":{"pgc_sgb_lightbox_settings":"","footnotes":""},"categories":[1],"tags":[],"class_list":["post-1090","post","type-post","status-publish","format-standard","hentry","category-oletus"],"_links":{"self":[{"href":"https:\/\/turunlennokkiseura.com\/tls\/wp-json\/wp\/v2\/posts\/1090","targetHints":{"allow":["GET"]}}],"collection":[{"href":"https:\/\/turunlennokkiseura.com\/tls\/wp-json\/wp\/v2\/posts"}],"about":[{"href":"https:\/\/turunlennokkiseura.com\/tls\/wp-json\/wp\/v2\/types\/post"}],"author":[{"embeddable":true,"href":"https:\/\/turunlennokkiseura.com\/tls\/wp-json\/wp\/v2\/users\/3"}],"replies":[{"embeddable":true,"href":"https:\/\/turunlennokkiseura.com\/tls\/wp-json\/wp\/v2\/comments?post=1090"}],"version-history":[{"count":5,"href":"https:\/\/turunlennokkiseura.com\/tls\/wp-json\/wp\/v2\/posts\/1090\/revisions"}],"predecessor-version":[{"id":1100,"href":"https:\/\/turunlennokkiseura.com\/tls\/wp-json\/wp\/v2\/posts\/1090\/revisions\/1100"}],"wp:attachment":[{"href":"https:\/\/turunlennokkiseura.com\/tls\/wp-json\/wp\/v2\/media?parent=1090"}],"wp:term":[{"taxonomy":"category","embeddable":true,"href":"https:\/\/turunlennokkiseura.com\/tls\/wp-json\/wp\/v2\/categories?post=1090"},{"taxonomy":"post_tag","embeddable":true,"href":"https:\/\/turunlennokkiseura.com\/tls\/wp-json\/wp\/v2\/tags?post=1090"}],"curies":[{"name":"wp","href":"https:\/\/api.w.org\/{rel}","templated":true}]}}