



{"id":1047,"date":"2024-02-07T02:36:51","date_gmt":"2024-02-06T23:36:51","guid":{"rendered":"https:\/\/turunlennokkiseura.com\/tls\/?p=1047"},"modified":"2024-02-07T02:36:51","modified_gmt":"2024-02-06T23:36:51","slug":"sisalennatysvuoroja-ja-historiakuvia","status":"publish","type":"post","link":"https:\/\/turunlennokkiseura.com\/tls\/2024\/02\/07\/sisalennatysvuoroja-ja-historiakuvia\/","title":{"rendered":"Sis\u00e4lenn\u00e4tysvuoroja ja historiakuvia"},"content":{"rendered":"\n<figure class=\"wp-block-image size-large\"><a href=\"https:\/\/turunlennokkiseura.com\/tls\/kuvia-paattisten-kentan-historiaa\/\" target=\"_blank\" rel=\"noreferrer noopener\"><img loading=\"lazy\" decoding=\"async\" width=\"1024\" height=\"345\" src=\"https:\/\/turunlennokkiseura.com\/tls\/wp-content\/uploads\/2024\/02\/Skannaus_20240206-10-1024x345.jpg\" alt=\"\" class=\"wp-image-1038\" srcset=\"https:\/\/turunlennokkiseura.com\/tls\/wp-content\/uploads\/2024\/02\/Skannaus_20240206-10-1024x345.jpg 1024w, https:\/\/turunlennokkiseura.com\/tls\/wp-content\/uploads\/2024\/02\/Skannaus_20240206-10-300x101.jpg 300w, https:\/\/turunlennokkiseura.com\/tls\/wp-content\/uploads\/2024\/02\/Skannaus_20240206-10-768x259.jpg 768w, https:\/\/turunlennokkiseura.com\/tls\/wp-content\/uploads\/2024\/02\/Skannaus_20240206-10-1536x517.jpg 1536w, https:\/\/turunlennokkiseura.com\/tls\/wp-content\/uploads\/2024\/02\/Skannaus_20240206-10-2048x690.jpg 2048w\" sizes=\"auto, (max-width: 1024px) 100vw, 1024px\" \/><\/a><\/figure>\n\n\n\n<p><a href=\"https:\/\/turunlennokkiseura.com\/tls\/kalenteri\/\" data-type=\"link\" data-id=\"https:\/\/turunlennokkiseura.com\/tls\/kalenteri\/\">Kalenteriosioon<\/a> lis\u00e4t\u00e4\u00e4n sis\u00e4lenn\u00e4tysvuoroja Lausteen liikuntahalliin sit\u00e4 mukaa kun kaupunki aikoja vahvistaa. Seuraava on 17.2.<\/p>\n\n\n\n<p>Laineen Makke toi vanhoja kuvia ja niit\u00e4 l\u00f6ytyy nyt skannattuna tuolta <a href=\"https:\/\/turunlennokkiseura.com\/tls\/kuvia-paattisten-kentan-historiaa\/\" data-type=\"link\" data-id=\"https:\/\/turunlennokkiseura.com\/tls\/kuvia-paattisten-kentan-historiaa\/\" target=\"_blank\" rel=\"noreferrer noopener\">historiaosiosta<\/a><\/p>\n\n\n\n<p>TLS asutilaus on l\u00e4htenyt eteenp\u00e4in ja informoimme t\u00e4st\u00e4 my\u00f6hemmin lis\u00e4\u00e4.<img loading=\"lazy\" decoding=\"async\" width=\"150\" height=\"125\" class=\"wp-image-1009\" style=\"width: 150px;\" src=\"https:\/\/turunlennokkiseura.com\/tls\/wp-content\/uploads\/2024\/01\/Nayttokuva-2024-01-24-100420.jpg\" alt=\"\" srcset=\"https:\/\/turunlennokkiseura.com\/tls\/wp-content\/uploads\/2024\/01\/Nayttokuva-2024-01-24-100420.jpg 432w, https:\/\/turunlennokkiseura.com\/tls\/wp-content\/uploads\/2024\/01\/Nayttokuva-2024-01-24-100420-300x250.jpg 300w\" sizes=\"auto, (max-width: 150px) 100vw, 150px\" \/><\/p>\n","protected":false},"excerpt":{"rendered":"<p>Kalenteriosioon lis\u00e4t\u00e4\u00e4n sis\u00e4lenn\u00e4tysvuoroja Lausteen liikuntahalliin sit\u00e4 mukaa kun kaupunki aikoja vahvistaa. Seuraava on 17.2. Laineen Makke toi vanhoja kuvia ja niit\u00e4 l\u00f6ytyy nyt skannattuna tuolta historiaosiosta TLS asutilaus on l\u00e4htenyt eteenp\u00e4in ja informoimme t\u00e4st\u00e4 my\u00f6hemmin lis\u00e4\u00e4.<\/p>\n","protected":false},"author":3,"featured_media":0,"comment_status":"closed","ping_status":"closed","sticky":false,"template":"","format":"standard","meta":{"pgc_sgb_lightbox_settings":"","footnotes":""},"categories":[1],"tags":[],"class_list":["post-1047","post","type-post","status-publish","format-standard","hentry","category-oletus"],"_links":{"self":[{"href":"https:\/\/turunlennokkiseura.com\/tls\/wp-json\/wp\/v2\/posts\/1047","targetHints":{"allow":["GET"]}}],"collection":[{"href":"https:\/\/turunlennokkiseura.com\/tls\/wp-json\/wp\/v2\/posts"}],"about":[{"href":"https:\/\/turunlennokkiseura.com\/tls\/wp-json\/wp\/v2\/types\/post"}],"author":[{"embeddable":true,"href":"https:\/\/turunlennokkiseura.com\/tls\/wp-json\/wp\/v2\/users\/3"}],"replies":[{"embeddable":true,"href":"https:\/\/turunlennokkiseura.com\/tls\/wp-json\/wp\/v2\/comments?post=1047"}],"version-history":[{"count":2,"href":"https:\/\/turunlennokkiseura.com\/tls\/wp-json\/wp\/v2\/posts\/1047\/revisions"}],"predecessor-version":[{"id":1049,"href":"https:\/\/turunlennokkiseura.com\/tls\/wp-json\/wp\/v2\/posts\/1047\/revisions\/1049"}],"wp:attachment":[{"href":"https:\/\/turunlennokkiseura.com\/tls\/wp-json\/wp\/v2\/media?parent=1047"}],"wp:term":[{"taxonomy":"category","embeddable":true,"href":"https:\/\/turunlennokkiseura.com\/tls\/wp-json\/wp\/v2\/categories?post=1047"},{"taxonomy":"post_tag","embeddable":true,"href":"https:\/\/turunlennokkiseura.com\/tls\/wp-json\/wp\/v2\/tags?post=1047"}],"curies":[{"name":"wp","href":"https:\/\/api.w.org\/{rel}","templated":true}]}}